{"id":491,"date":"2023-06-09T10:51:15","date_gmt":"2023-06-09T13:51:15","guid":{"rendered":"https:\/\/portalsergipe.com\/?p=491"},"modified":"2023-06-09T10:51:15","modified_gmt":"2023-06-09T13:51:15","slug":"caravana-sergipe-e-o-pais-do-forro-visita-cidades-da-bahia","status":"publish","type":"post","link":"https:\/\/portalsergipe.com\/index.php\/2023\/06\/09\/caravana-sergipe-e-o-pais-do-forro-visita-cidades-da-bahia\/","title":{"rendered":"\u2018Caravana Sergipe \u00e9 o Pa\u00eds do Forr\u00f3\u2019 visita cidades da Bahia"},"content":{"rendered":"\n<p>Para divulgar os 30 dias dos festejos juninos de Sergipe, iniciados na \u00faltima quinta-feira, 1\u00ba de junho, a \u2018Caravana Sergipe \u00e9 o Pa\u00eds do Forr\u00f3\u2019 esteve em quatro munic\u00edpios baianos entre os dias 29 e 31 de maio. Os integrantes da Caravana visitaram as cidades de Alagoinhas, Feira de Santana, Salvador e Lauro de Freitas, levando muita alegria e mostrando o que Sergipe tem de melhor nessa \u00e9poca tradicional da cultura popular nordestina: os festejos juninos.<\/p>\n\n\n\n<p>A iniciativa \u00e9 uma parceria entre o Governo de Sergipe, por meio da Secretaria de Estado do Turismo (Setur), a Secretaria do Turismo de Aracaju e a Associa\u00e7\u00e3o Brasileira da Ind\u00fastria de Hot\u00e9is em Sergipe (ABIH\/SE). Vale destacar que a \u2018Caravana Sergipe \u00e9 o Pa\u00eds do Forr\u00f3\u2019 foi recebida com muita alegria por onde passou, deixando a marca do estado que, durante todo o m\u00eas de junho, vai atrair mais visitantes, al\u00e9m de possibilitar o incremento na economia, gerando emprego e renda.<\/p>\n\n\n\n<p>Na Bahia, foram realizadas blitze nas principais ruas das cidades, nas quais equipes t\u00e9cnicas distribu\u00edram f\u00f4lderes com a programa\u00e7\u00e3o dos festejos juninos no estado. A recep\u00e7\u00e3o, ali\u00e1s, foi muito positiva durante a entrega desses panfletos. Tamb\u00e9m foram feitas visitas \u00e0s ag\u00eancias de viagens embaladas ao som do trio p\u00e9 de serra sergipano \u2018Os Tr\u00eas Muleques\u2019.<\/p>\n\n\n\n<p>A secret\u00e1ria executiva da Setur, Daniela Mesquita, que tamb\u00e9m comp\u00f4s a equipe da Caravana, destacou que essa a\u00e7\u00e3o superou as expectativas. \u201cFomos bem recebidos por onde passamos. As pessoas foram bastante agrad\u00e1veis. Tamb\u00e9m fomos bem acolhidos nas emissoras de r\u00e1dio em Feira de Santana \u2013 a Sociedade News FM e a TransBrasil \u2013, que abriram as portas para divulgarmos o que Sergipe tem de melhor, oportunizando falar sobre os nossos 30 dias de festa durante o m\u00eas de junho\u201d, explicou.<\/p>\n\n\n\n<p>Capacita\u00e7\u00f5es<\/p>\n\n\n\n<p>Em Feira de Santana e em Salvador, aconteceram duas capacita\u00e7\u00f5es, que contaram com a ades\u00e3o de mais de 200 agentes de viagens. Nelas, foi exibido um v\u00eddeo promocional sobre o Destino Sergipe, produzido pela ABIH\/SE, e tamb\u00e9m houve apresenta\u00e7\u00e3o sobre todo o potencial tur\u00edstico de Sergipe.<\/p>\n\n\n\n<p>Para o presidente da ABIH\/SE, Ant\u00f4nio Carlos Franco Sobrinho, que tamb\u00e9m fez parte da Caravana, as capacita\u00e7\u00f5es desenvolvidas pela Associa\u00e7\u00e3o s\u00e3o essenciais na promo\u00e7\u00e3o do estado, pois os agentes de viagens s\u00e3o pe\u00e7as fundamentais no setor tur\u00edstico. \u201cS\u00e3o estes profissionais que v\u00e3o colocar os destinos e atrativos na \u2018prateleira\u2019. Acredito que Sergipe seja a \u00fanica capital do Brasil que tenha 30 dias de festejos juninos ininterruptos tanto na capital como no interior. E essa parceria da ABIH com o Governo de Sergipe e a Prefeitura de Aracaju \u00e9 um sucesso\u201d, salientou.<\/p>\n\n\n\n<p>Ros\u00e2ngela Tourinho, executiva de vendas da Via Mar Praia Hotel, com atua\u00e7\u00e3o em Sergipe, Bahia, Alagoas e Recife, elogiou a capacita\u00e7\u00e3o promovida pela ABIH\/SE como parte da programa\u00e7\u00e3o da \u2018Caravana Sergipe \u00e9 o Pa\u00eds do Forr\u00f3. \u201cFoi um evento muito importante, porque muitos agentes n\u00e3o conseguem ter tanta informa\u00e7\u00e3o em pouco espa\u00e7o de tempo. Essa capacita\u00e7\u00e3o foi bem abrangente para munir os agentes de viagens de informa\u00e7\u00f5es para vendas sobre o que o estado de Sergipe oferece. Essa iniciativa \u00e9 um diferencial muito grande. Achei fant\u00e1stico!\u201d, destacou.<\/p>\n\n\n\n<p>Com 19 anos no mercado de Alagoinhas, a agente de viagens Melka Bucker disse que a capacita\u00e7\u00e3o foi muito proveitosa, pois oportunizou conhecer mais sobre o Destino Sergipe. \u201cSaber dos 30 dias de forr\u00f3 foi bacana, pois, para n\u00f3s, baianos, Sergipe \u00e9 um destino muito importante, porque o vendemos muito\u201d, considerou.<\/p>\n\n\n\n<p>Atuando no mercado de ag\u00eancias de viagens em Salvador, Gilson Matias, h\u00e1 aproximadamente 30 anos, vivencia essa experi\u00eancia profissional com muito orgulho. Segundo ele, sente-se parte dos sonhos das pessoas ao contribuir para a alegria dos clientes ao colocar \u2018nas m\u00e3os\u2019 deles a t\u00e3o desejada viagem. \u201cEssa capacita\u00e7\u00e3o foi muito importante, afinal, Sergipe \u00e9 um destino maravilhoso e muito procurado por nossos clientes\u201d, frisou.<\/p>\n\n\n\n<p>Elogios \u00e0 Caravana<\/p>\n\n\n\n<p>A administradora de empresas de Alagoinhas, Vanmilla Freitas, considera incontest\u00e1vel que Sergipe \u00e9 um excelente destino e que as caracter\u00edsticas dos festejos juninos atraem turistas de v\u00e1rios estados. Segundo ela, quem j\u00e1 foi, volta; e quem ainda n\u00e3o conheceu, promete ir. \u201cParab\u00e9ns pela iniciativa. Essa tradi\u00e7\u00e3o do forr\u00f3 p\u00e9 de serra n\u00e3o pode morrer. E achei muito legal a forma de abordagem da Caravana. Ainda n\u00e3o fui a Aracaju, mas estou contando os dias para come\u00e7ar a melhor \u00e9poca do ano e visitar voc\u00eas na capital de Sergipe\u201d, disse.<\/p>\n\n\n\n<p>Ludimila Machado, agente de viagens de Lauro de Freitas, expressou entusiasmo ao receber a visita da \u2018Caravana Sergipe \u00e9 o Pa\u00eds do Forr\u00f3\u2019 na ag\u00eancia onde trabalha. \u201cFiquei muito feliz, sobretudo por se tratar de um destino t\u00e3o pertinho da gente e que tem tudo. Por isso, acabamos vendendo muito. E por se tratar de 30 dias de programa\u00e7\u00e3o dos festejos juninos, melhora mais ainda a nossa condi\u00e7\u00e3o de venda. At\u00e9 eu vou\u201d, prometeu.<\/p>\n\n\n\n<p>Sergipe \u00e9 o Pa\u00eds do Forr\u00f3<\/p>\n\n\n\n<p>Conhecido como o \u2018Pa\u00eds do Forr\u00f3\u2019, Sergipe trar\u00e1, durante todo o m\u00eas de junho, uma programa\u00e7\u00e3o diversificada. Na Rua S\u00e3o Jo\u00e3o, \u00e0s segundas-feiras, acontece a \u2018Segundona da Rua S\u00e3o Jo\u00e3o\u2019 e, na Orla da Atalaia, no \u2018Arrai\u00e1 do Povo\u2019, ser\u00e3o 30 dias de festa, come\u00e7ando em 1\u00ba de junho at\u00e9 o dia 1\u00ba de julho. Haver\u00e1 mais de 250 atra\u00e7\u00f5es, incluindo 140 nomes do cen\u00e1rio musical sergipano e 40 artistas nacionais, al\u00e9m de 40 trios de forr\u00f3 e 60 apresenta\u00e7\u00f5es de quadrilhas juninas. J\u00e1 o Forr\u00f3 Caju 2023, realizado pela Prefeitura de Aracaju, tem programa\u00e7\u00e3o entre 23 e 29 de junho, com shows de artistas locais e nacionais, na Pra\u00e7a Hilton Lopes (entre os mercados centrais da capital sergipana).<\/p>\n","protected":false},"excerpt":{"rendered":"<p>A\u00e7\u00e3o apresentou o que o estado tem de melhor nessa \u00e9poca tradicional da cultura popular nordestina: os festejos juninos<\/p>\n","protected":false},"author":1,"featured_media":492,"comment_status":"open","ping_status":"open","sticky":false,"template":"","format":"standard","meta":[],"categories":[1,5,17],"tags":[],"_links":{"self":[{"href":"https:\/\/portalsergipe.com\/index.php\/wp-json\/wp\/v2\/posts\/491"}],"collection":[{"href":"https:\/\/portalsergipe.com\/index.php\/wp-json\/wp\/v2\/posts"}],"about":[{"href":"https:\/\/portalsergipe.com\/index.php\/wp-json\/wp\/v2\/types\/post"}],"author":[{"embeddable":true,"href":"https:\/\/portalsergipe.com\/index.php\/wp-json\/wp\/v2\/users\/1"}],"replies":[{"embeddable":true,"href":"https:\/\/portalsergipe.com\/index.php\/wp-json\/wp\/v2\/comments?post=491"}],"version-history":[{"count":1,"href":"https:\/\/portalsergipe.com\/index.php\/wp-json\/wp\/v2\/posts\/491\/revisions"}],"predecessor-version":[{"id":493,"href":"https:\/\/portalsergipe.com\/index.php\/wp-json\/wp\/v2\/posts\/491\/revisions\/493"}],"wp:featuredmedia":[{"embeddable":true,"href":"https:\/\/portalsergipe.com\/index.php\/wp-json\/wp\/v2\/media\/492"}],"wp:attachment":[{"href":"https:\/\/portalsergipe.com\/index.php\/wp-json\/wp\/v2\/media?parent=491"}],"wp:term":[{"taxonomy":"category","embeddable":true,"href":"https:\/\/portalsergipe.com\/index.php\/wp-json\/wp\/v2\/categories?post=491"},{"taxonomy":"post_tag","embeddable":true,"href":"https:\/\/portalsergipe.com\/index.php\/wp-json\/wp\/v2\/tags?post=491"}],"curies":[{"name":"wp","href":"https:\/\/api.w.org\/{rel}","templated":true}]}}