{"id":506,"date":"2023-06-09T12:07:24","date_gmt":"2023-06-09T15:07:24","guid":{"rendered":"https:\/\/portalsergipe.com\/?p=506"},"modified":"2023-06-09T12:07:24","modified_gmt":"2023-06-09T15:07:24","slug":"turistas-e-sergipanos-elogiam-megaestrutura-e-organizacao-do-arraia-do-povo","status":"publish","type":"post","link":"https:\/\/portalsergipe.com\/index.php\/2023\/06\/09\/turistas-e-sergipanos-elogiam-megaestrutura-e-organizacao-do-arraia-do-povo\/","title":{"rendered":"Turistas e sergipanos elogiam megaestrutura e organiza\u00e7\u00e3o do Arrai\u00e1 do Povo"},"content":{"rendered":"\n<p>Para al\u00e9m das atra\u00e7\u00f5es art\u00edsticas, o Arrai\u00e1 do Povo chamou a aten\u00e7\u00e3o do p\u00fablico pela organiza\u00e7\u00e3o e a megaestrutura montada para receber os sergipanos e turistas de v\u00e1rias partes do pa\u00eds. A arena de shows conta com o Palco Rog\u00e9rio, a Vila do Forr\u00f3, o Coreto da Marluce e o Barrac\u00e3o da Sergipe. Nesta sexta-feira, 2, atra\u00e7\u00f5es como Sergival, Zezo, Banda Painel de Controle e Michele Andrade abrilhantaram o segundo dia de festa do \u2018Pa\u00eds do Forr\u00f3\u2019.<\/p>\n\n\n\n<p>O pernambucano Alexandre Meiras veio com a fam\u00edlia conhecer Sergipe e no hotel em que est\u00e1 hospedado foi informado da programa\u00e7\u00e3o no Arrai\u00e1 do Povo. Ele n\u00e3o pensou duas vezes e foi curtir um forrozinho. Ao chegar no espa\u00e7o, o turista ficou encantado com a organiza\u00e7\u00e3o do evento e n\u00e3o poupou elogios. \u201cMe lembrou muito o S\u00e3o Jo\u00e3o de Caruaru. N\u00e3o tenho d\u00favida de que Sergipe, em termos de estrutura e atra\u00e7\u00f5es, est\u00e1 no mesmo patamar\u201d, opinou.<\/p>\n\n\n\n<p>A sergipana Lilian Roberto dos Santos tamb\u00e9m compartilhou do mesmo sentimento ao chegar ao Arrai\u00e1 do Povo. A dona de casa relatou que ama essa \u00e9poca junina e nunca perdeu um forr\u00f3. Para ela, esse est\u00e1 diferenciado. \u201cEsse ano melhorou muito. Percebi que o espa\u00e7o est\u00e1 mais amplo. Essa parte do palco principal separada da vila foi uma boa ideia. S\u00e3o v\u00e1rias possibilidades para curtir o S\u00e3o Jo\u00e3o. Hoje eu vim para acompanhar o show de Zezo, que gosto bastante, \u00e9 um artista que toca na alma com suas m\u00fasicas e voz \u00fanica\u201d, disse.<\/p>\n\n\n\n<p>A Vila Forr\u00f3 e o Barrac\u00e3o da Sergipe est\u00e3o fazendo o maior sucesso nesta edi\u00e7\u00e3o do Arrai\u00e1 do Povo. O representante de vendas Paulo Martins, que \u00e9 ga\u00facho e mora h\u00e1 34 anos em Aracaju, destacou a import\u00e2ncia de se contemplar todos os p\u00fablicos. \u201cAqui a gente percebe que s\u00e3o espa\u00e7os para a fam\u00edlia. Para trazer os filhos pequenos, pessoas idosas, ou seja, \u00e9 um ambiente bastante democr\u00e1tico. O governo est\u00e1 de parab\u00e9ns por essa grande estrutura, pela organiza\u00e7\u00e3o, espero que esse formato permane\u00e7a por muito tempo\u201d, comentou.<\/p>\n\n\n\n<p>A estrutura da festa tamb\u00e9m tem empolgado os vendedores credenciados que atuam no circuito do Arrai\u00e1 do Povo. Franciele Oliveira vende pipoca nas imedia\u00e7\u00f5es da Vila Forr\u00f3 e garantiu que est\u00e1 feliz com os resultados no primeiro dia de evento e ainda mais empolgada com o que ainda est\u00e1 por vir. \u201cA expectativa \u00e9 muito boa em rela\u00e7\u00e3o \u00e0s vendas, ainda mais que esse ano teremos 30 dias de S\u00e3o Jo\u00e3o aqui na orla. Para a gente que busca uma renda extra vendendo pipoca, cerveja e churrasquinho, ter esses dias a mais \u00e9 importante. Com certeza vai ajudar muito nas despesas de casa\u201d, concluiu<\/p>\n\n\n\n<p>Pa\u00eds do forr\u00f3<br>Este ano, o Governo de Sergipe preparou para os festejos juninos no estado uma programa\u00e7\u00e3o com mais de 30 dias de festa. Na capital, a festa acontecer\u00e1 em cinco pontos: Arrai\u00e1 do Povo, na Orla da Atalaia, Rua S\u00e3o Jo\u00e3o, Gonzag\u00e3o, Centro de Criatividade e 18 do Forte. No total, ser\u00e3o mais de 250 atra\u00e7\u00f5es, sendo 140 sergipanas, 40 nacionais, 60 apresenta\u00e7\u00f5es de quadrilhas juninas e 40 trios p\u00e9s de serra.<\/p>\n\n\n\n<p>A programa\u00e7\u00e3o dos festejos juninos realizada pelo Governo de Sergipe tem o patroc\u00ednio do Banese, Deso, Marat\u00e1, PagBet e TAG e apoio da Energisa e M<\/p>\n","protected":false},"excerpt":{"rendered":"<p>Evento come\u00e7ou na quinta-feira, 1\u00ba, e segue at\u00e9 1\u00ba de julho<\/p>\n","protected":false},"author":1,"featured_media":507,"comment_status":"open","ping_status":"open","sticky":false,"template":"","format":"standard","meta":[],"categories":[1,15,5,17],"tags":[],"_links":{"self":[{"href":"https:\/\/portalsergipe.com\/index.php\/wp-json\/wp\/v2\/posts\/506"}],"collection":[{"href":"https:\/\/portalsergipe.com\/index.php\/wp-json\/wp\/v2\/posts"}],"about":[{"href":"https:\/\/portalsergipe.com\/index.php\/wp-json\/wp\/v2\/types\/post"}],"author":[{"embeddable":true,"href":"https:\/\/portalsergipe.com\/index.php\/wp-json\/wp\/v2\/users\/1"}],"replies":[{"embeddable":true,"href":"https:\/\/portalsergipe.com\/index.php\/wp-json\/wp\/v2\/comments?post=506"}],"version-history":[{"count":1,"href":"https:\/\/portalsergipe.com\/index.php\/wp-json\/wp\/v2\/posts\/506\/revisions"}],"predecessor-version":[{"id":508,"href":"https:\/\/portalsergipe.com\/index.php\/wp-json\/wp\/v2\/posts\/506\/revisions\/508"}],"wp:featuredmedia":[{"embeddable":true,"href":"https:\/\/portalsergipe.com\/index.php\/wp-json\/wp\/v2\/media\/507"}],"wp:attachment":[{"href":"https:\/\/portalsergipe.com\/index.php\/wp-json\/wp\/v2\/media?parent=506"}],"wp:term":[{"taxonomy":"category","embeddable":true,"href":"https:\/\/portalsergipe.com\/index.php\/wp-json\/wp\/v2\/categories?post=506"},{"taxonomy":"post_tag","embeddable":true,"href":"https:\/\/portalsergipe.com\/index.php\/wp-json\/wp\/v2\/tags?post=506"}],"curies":[{"name":"wp","href":"https:\/\/api.w.org\/{rel}","templated":true}]}}