{"id":722,"date":"2023-06-13T20:34:39","date_gmt":"2023-06-13T23:34:39","guid":{"rendered":"https:\/\/portalsergipe.com\/?p=722"},"modified":"2023-06-13T20:34:39","modified_gmt":"2023-06-13T23:34:39","slug":"saude-estadual-discute-com-aracaju-estrategias-para-enfrentamento-da-sazonalidade-da-sindrome-gripal","status":"publish","type":"post","link":"https:\/\/portalsergipe.com\/index.php\/2023\/06\/13\/saude-estadual-discute-com-aracaju-estrategias-para-enfrentamento-da-sazonalidade-da-sindrome-gripal\/","title":{"rendered":"Sa\u00fade Estadual discute com Aracaju estrat\u00e9gias para enfrentamento da sazonalidade da s\u00edndrome Gripal"},"content":{"rendered":"\n<p>A Secretaria de Estado da Sa\u00fade (SES) realizou nesta ter\u00e7a-feira, 13, reuni\u00e3o com a Secretaria Municipal de Sa\u00fade de Aracaju (SMS), para discutir estrat\u00e9gias de enfrentamento \u00e0 alta demanda pedi\u00e1trica, no que se refere \u00e0s S\u00edndromes Respirat\u00f3rias Agudas Graves (SRAG), causada pelo per\u00edodo de sazonalidade. Durante as discuss\u00f5es, foi destacada a import\u00e2ncia da Aten\u00e7\u00e3o Prim\u00e1ria \u00e0 Sa\u00fade na primeira assist\u00eancia \u00e0s crian\u00e7as que precisam de atendimento de baixa complexidade nas Unidades B\u00e1sicas de Sa\u00fade (UBSs).<\/p>\n\n\n\n<p>Somente este ano o Governo do Estado ampliou para 47 o n\u00famero de leitos pedi\u00e1tricos em Sergipe. Al\u00e9m disso, vem dialogando com os munic\u00edpios para aumentar a disponibiliza\u00e7\u00e3o de servi\u00e7os na Aten\u00e7\u00e3o Prim\u00e1ria, tendo em vista que mais de 70% das necessidades de atendimentos pedi\u00e1tricos s\u00e3o de baixa complexidade, podendo ser resolvidos nas UBSs.<\/p>\n\n\n\n<p>Para o secret\u00e1rio da Sa\u00fade, Walter Pinheiro, o enfrentamento da sazonalidade deve ser resolvido de forma compartilhada com os munic\u00edpios. \u201c\u00c9 uma situa\u00e7\u00e3o que precisamos coordenar as a\u00e7\u00f5es e buscar solu\u00e7\u00f5es que sejam plaus\u00edveis para o per\u00edodo de sazonalidade da pediatria. Por isso, destacamos a import\u00e2ncia da vacina\u00e7\u00e3o nas crian\u00e7as e a atua\u00e7\u00e3o da Aten\u00e7\u00e3o Prim\u00e1ria nas UBSs, al\u00e9m das medidas de preven\u00e7\u00e3o, como evitar locais aglomerados, caso apresente sintomas gripais, principalmente durante os festejos juninos\u201d, destacou o secret\u00e1rio.<\/p>\n\n\n\n<p>Os gestores ainda abordaram alternativas de melhorias para fortalecer a Aten\u00e7\u00e3o Prim\u00e1ria em todo o estado, seja com a capacita\u00e7\u00e3o de profissionais da sa\u00fade que atuam nas UBSs e portas de urg\u00eancias ou em campanhas educativas para refor\u00e7ar a promo\u00e7\u00e3o e preven\u00e7\u00e3o da sa\u00fade.<\/p>\n\n\n\n<p>A secret\u00e1ria de Aracaju, Waneska Barboza, que esteve presente na reuni\u00e3o, ressaltou a import\u00e2ncia da discuss\u00e3o entre as secretarias. \u201cFoi uma reuni\u00e3o extremamente importante entre o munic\u00edpio de Aracaju e a SES, onde discutimos estrat\u00e9gias para o enfrentamento do per\u00edodo de sazonalidade pedi\u00e1trica. Come\u00e7amos a fazer a amplia\u00e7\u00e3o desde o final de maio com dez UBSs e agora no in\u00edcio de junho ampliamos para mais sete unidades, totalizando 17 UBSs, que est\u00e3o com oferta exclusiva para crian\u00e7as com s\u00edndromes gripais de baixa e m\u00e9dia complexidade. O nosso objetivo \u00e9 refor\u00e7ar a orienta\u00e7\u00e3o aos pais para que procurem as UBSs para n\u00e3o sobrecarregar as portas de urg\u00eancia. Por isso, \u00e9 essencial essas discuss\u00f5es para que possamos fazer um trabalho efetivo de refer\u00eancia e contrarrefer\u00eancia\u201d, disse Waneska.<\/p>\n\n\n\n<p>\u201cA SES tem buscado diversas alternativas para uma melhor assist\u00eancia \u00e0 popula\u00e7\u00e3o, junto aos 75 munic\u00edpios, a fim de proporcionar atendimento mais abrangente e qualificado. A reuni\u00e3o foi bastante construtiva para pensar estrat\u00e9gias fundamentais diante do acr\u00e9scimo de casos de SRAG no per\u00edodo da sazonalidade\u201d, salientou a diretora de Aten\u00e7\u00e3o Especializada da SES, Marli Francisca Palmeira.<\/p>\n","protected":false},"excerpt":{"rendered":"<p>Nos casos de baixa e m\u00e9dia complexidade, a orienta\u00e7\u00e3o \u00e9 que os respons\u00e1veis pelas crian\u00e7as busquem atendimento nas Unidades B\u00e1sicas de Sa\u00fade, para n\u00e3o sobrecarregar os hospitais<\/p>\n","protected":false},"author":1,"featured_media":723,"comment_status":"open","ping_status":"open","sticky":false,"template":"","format":"standard","meta":[],"categories":[16],"tags":[],"_links":{"self":[{"href":"https:\/\/portalsergipe.com\/index.php\/wp-json\/wp\/v2\/posts\/722"}],"collection":[{"href":"https:\/\/portalsergipe.com\/index.php\/wp-json\/wp\/v2\/posts"}],"about":[{"href":"https:\/\/portalsergipe.com\/index.php\/wp-json\/wp\/v2\/types\/post"}],"author":[{"embeddable":true,"href":"https:\/\/portalsergipe.com\/index.php\/wp-json\/wp\/v2\/users\/1"}],"replies":[{"embeddable":true,"href":"https:\/\/portalsergipe.com\/index.php\/wp-json\/wp\/v2\/comments?post=722"}],"version-history":[{"count":1,"href":"https:\/\/portalsergipe.com\/index.php\/wp-json\/wp\/v2\/posts\/722\/revisions"}],"predecessor-version":[{"id":724,"href":"https:\/\/portalsergipe.com\/index.php\/wp-json\/wp\/v2\/posts\/722\/revisions\/724"}],"wp:featuredmedia":[{"embeddable":true,"href":"https:\/\/portalsergipe.com\/index.php\/wp-json\/wp\/v2\/media\/723"}],"wp:attachment":[{"href":"https:\/\/portalsergipe.com\/index.php\/wp-json\/wp\/v2\/media?parent=722"}],"wp:term":[{"taxonomy":"category","embeddable":true,"href":"https:\/\/portalsergipe.com\/index.php\/wp-json\/wp\/v2\/categories?post=722"},{"taxonomy":"post_tag","embeddable":true,"href":"https:\/\/portalsergipe.com\/index.php\/wp-json\/wp\/v2\/tags?post=722"}],"curies":[{"name":"wp","href":"https:\/\/api.w.org\/{rel}","templated":true}]}}